{"id":3974,"date":"2026-05-02T14:00:36","date_gmt":"2026-05-02T12:00:36","guid":{"rendered":"https:\/\/www.tc-delitzsch.de\/?p=3974"},"modified":"2026-05-01T13:55:07","modified_gmt":"2026-05-01T11:55:07","slug":"bericht-vdst-ak-orientierung-2026","status":"publish","type":"post","link":"https:\/\/www.tc-delitzsch.de\/?p=3974","title":{"rendered":"Bericht: VDST AK Orientierung 2026"},"content":{"rendered":"\n<p>Am vergangenen Wochenende fand auf der Tauchbasis des Tauchclubs Delitzsch an der F\u00f6rstergrube Sandersdorf der Aufbaukurs Orientierung statt.<br>12 engagierte Taucherinnen und Taucher aus den Tauchclubs Delitzsch und Jena nahmen an diesem Kurs teil, der Voraussetzung f\u00fcr das Erlangen des DTSA 2 Stern Brevet ist. Angeleitet wurde die Gruppe von den erfahrenen 2 Stern Tauchlehrern Rene Carben und Dirk Preu\u00df.<\/p>\n\n\n\n<figure class=\"wp-block-image size-full\"><img loading=\"lazy\" decoding=\"async\" width=\"859\" height=\"572\" src=\"https:\/\/www.tc-delitzsch.de\/wp-content\/uploads\/2026\/05\/vdst_ak-orientierung_2026_1.jpg\" alt=\"\" class=\"wp-image-3978\" srcset=\"https:\/\/www.tc-delitzsch.de\/wp-content\/uploads\/2026\/05\/vdst_ak-orientierung_2026_1.jpg 859w, https:\/\/www.tc-delitzsch.de\/wp-content\/uploads\/2026\/05\/vdst_ak-orientierung_2026_1-300x200.jpg 300w, https:\/\/www.tc-delitzsch.de\/wp-content\/uploads\/2026\/05\/vdst_ak-orientierung_2026_1-768x511.jpg 768w\" sizes=\"auto, (max-width: 859px) 100vw, 859px\" \/><\/figure>\n\n\n\n<!--more-->\n\n\n\n<p>Das Wetter zeigte sich von seiner besten Seite: Bei strahlendem Sonnenschein herrschten an Land ideale Bedingungen. Unter Wasser hingegen stellte die schlechte Sichtweite , teilweise unter 2 m, die Teilnehmer vor einige Herausforderungen.<br>Ziel des Kurses war es, die F\u00e4higkeiten der Teilnehmenden in der Orientierung gezielt zu verbessern. Ein besonderer Fokus lag darauf, dass die Taucherinnen und Taucher lernen, den Ausstiegspunkt zuverl\u00e4ssig wiederzufinden. Dar\u00fcber hinaus wurden \u00dcbungen durchgef\u00fchrt, bei denen die Teilnehmer eigenst\u00e4ndig die F\u00fchrung einer Gruppe \u00fcbernehmen mussten.<\/p>\n\n\n\n<figure class=\"wp-block-image size-full\"><img loading=\"lazy\" decoding=\"async\" width=\"877\" height=\"584\" src=\"https:\/\/www.tc-delitzsch.de\/wp-content\/uploads\/2026\/05\/vdst_ak-orientierung_2026_2.jpg\" alt=\"\" class=\"wp-image-3977\" srcset=\"https:\/\/www.tc-delitzsch.de\/wp-content\/uploads\/2026\/05\/vdst_ak-orientierung_2026_2.jpg 877w, https:\/\/www.tc-delitzsch.de\/wp-content\/uploads\/2026\/05\/vdst_ak-orientierung_2026_2-300x200.jpg 300w, https:\/\/www.tc-delitzsch.de\/wp-content\/uploads\/2026\/05\/vdst_ak-orientierung_2026_2-768x511.jpg 768w\" sizes=\"auto, (max-width: 877px) 100vw, 877px\" \/><\/figure>\n\n\n\n<p>Im Verlauf des Kurses zeigten alle Beteiligten eine deutliche Lernkurve. Trotz der anspruchsvollen Bedingungen konnten die meisten Teilnehmer die gestellten Aufgaben erfolgreich bew\u00e4ltigen. Besonders positiv fiel die gute Zusammenarbeit innerhalb der Gruppe auf, die ma\u00dfgeblich zum Erfolg der \u00dcbungen beitrug.<\/p>\n\n\n\n<figure class=\"wp-block-image size-full\"><img loading=\"lazy\" decoding=\"async\" width=\"864\" height=\"575\" src=\"https:\/\/www.tc-delitzsch.de\/wp-content\/uploads\/2026\/05\/vdst_ak-orientierung_2026_3.jpg\" alt=\"\" class=\"wp-image-3976\" srcset=\"https:\/\/www.tc-delitzsch.de\/wp-content\/uploads\/2026\/05\/vdst_ak-orientierung_2026_3.jpg 864w, https:\/\/www.tc-delitzsch.de\/wp-content\/uploads\/2026\/05\/vdst_ak-orientierung_2026_3-300x200.jpg 300w, https:\/\/www.tc-delitzsch.de\/wp-content\/uploads\/2026\/05\/vdst_ak-orientierung_2026_3-768x511.jpg 768w\" sizes=\"auto, (max-width: 864px) 100vw, 864px\" \/><\/figure>\n\n\n\n<p>F\u00fcr einen reibungslosen Verlauf sorgte auch die Mittagsversorgung und der stets vorhandene Kaffee. Vielen Dank an dieser Stell an die flei\u00dfigen H\u00e4nde in der K\u00fcche.<br>Abschlie\u00dfend l\u00e4sst sich festhalten, dass der Aufbaukurs ein voller Erfolg war. Die Teilnehmer konnten ihre Kenntnisse erweitern und wichtige praktische Erfahrungen sammeln, die ihnen bei zuk\u00fcnftigen Tauchg\u00e4ngen zugutekommen werden.<\/p>\n\n\n\n<p>Dirk Preu\u00df<br>TL 2<\/p>\n","protected":false},"excerpt":{"rendered":"<p>Am vergangenen Wochenende fand auf der Tauchbasis des Tauchclubs Delitzsch an der F\u00f6rstergrube Sandersdorf der Aufbaukurs Orientierung statt.12 engagierte Taucherinnen und Taucher aus den Tauchclubs Delitzsch und Jena nahmen an diesem Kurs teil, der Voraussetzung f\u00fcr das Erlangen des DTSA 2 Stern Brevet ist. Angeleitet wurde die Gruppe von den erfahrenen 2 Stern Tauchlehrern Rene &hellip; <a href=\"https:\/\/www.tc-delitzsch.de\/?p=3974\" class=\"more-link\"><span class=\"screen-reader-text\">Bericht: VDST AK Orientierung 2026<\/span> weiterlesen <span class=\"meta-nav\">&rarr;<\/span><\/a><\/p>\n","protected":false},"author":5,"featured_media":0,"comment_status":"closed","ping_status":"closed","sticky":false,"template":"","format":"standard","meta":{"ngg_post_thumbnail":0,"footnotes":""},"categories":[17],"tags":[],"class_list":["post-3974","post","type-post","status-publish","format-standard","hentry","category-ausbildung"],"_links":{"self":[{"href":"https:\/\/www.tc-delitzsch.de\/index.php?rest_route=\/wp\/v2\/posts\/3974","targetHints":{"allow":["GET"]}}],"collection":[{"href":"https:\/\/www.tc-delitzsch.de\/index.php?rest_route=\/wp\/v2\/posts"}],"about":[{"href":"https:\/\/www.tc-delitzsch.de\/index.php?rest_route=\/wp\/v2\/types\/post"}],"author":[{"embeddable":true,"href":"https:\/\/www.tc-delitzsch.de\/index.php?rest_route=\/wp\/v2\/users\/5"}],"replies":[{"embeddable":true,"href":"https:\/\/www.tc-delitzsch.de\/index.php?rest_route=%2Fwp%2Fv2%2Fcomments&post=3974"}],"version-history":[{"count":4,"href":"https:\/\/www.tc-delitzsch.de\/index.php?rest_route=\/wp\/v2\/posts\/3974\/revisions"}],"predecessor-version":[{"id":3982,"href":"https:\/\/www.tc-delitzsch.de\/index.php?rest_route=\/wp\/v2\/posts\/3974\/revisions\/3982"}],"wp:attachment":[{"href":"https:\/\/www.tc-delitzsch.de\/index.php?rest_route=%2Fwp%2Fv2%2Fmedia&parent=3974"}],"wp:term":[{"taxonomy":"category","embeddable":true,"href":"https:\/\/www.tc-delitzsch.de\/index.php?rest_route=%2Fwp%2Fv2%2Fcategories&post=3974"},{"taxonomy":"post_tag","embeddable":true,"href":"https:\/\/www.tc-delitzsch.de\/index.php?rest_route=%2Fwp%2Fv2%2Ftags&post=3974"}],"curies":[{"name":"wp","href":"https:\/\/api.w.org\/{rel}","templated":true}]}}